{"id":122,"date":"2018-12-21T20:01:19","date_gmt":"2018-12-21T20:01:19","guid":{"rendered":"https:\/\/www.uvcat.cz\/?p=122"},"modified":"2019-09-27T07:26:17","modified_gmt":"2019-09-27T07:26:17","slug":"pf-band-circulum","status":"publish","type":"post","link":"https:\/\/www.uvcat.cz\/en\/pf-band-circulum\/","title":{"rendered":"P\u0159emysl Faukner Band \u2013 Circulum"},"content":{"rendered":"<p>An album of compositions by P\u0159emysl Faukner, a\u00a0Czech jazz doyen. The\u00a0main visual elements are ambient abstract paintings by Faukner&#8217;s close\u00a0friend.<\/p>","protected":false},"excerpt":{"rendered":"<p>An album of compositions by P\u0159emysl Faukner, a\u00a0Czech jazz doyen. The\u00a0main visual elements are ambient abstract paintings by Faukner&#8217;s close\u00a0friend.<\/p>\n","protected":false},"author":1,"featured_media":612,"comment_status":"closed","ping_status":"open","sticky":false,"template":"","format":"standard","meta":{"footnotes":""},"categories":[8],"tags":[],"class_list":["post-122","post","type-post","status-publish","format-standard","has-post-thumbnail","hentry","category-music-cover"],"yoast_head":"<!-- This site is optimized with the Yoast SEO plugin v27.2 - https:\/\/yoast.com\/product\/yoast-seo-wordpress\/ -->\n<title>UV CAT \/ Mat\u011bj Ko\u010dka \u2013 Brand Design &amp; Visual Identities - P\u0159emysl Faukner Band \u2013 Circulum<\/title>\n<meta name=\"robots\" content=\"index, follow, max-snippet:-1, max-image-preview:large, max-video-preview:-1\" \/>\n<link rel=\"canonical\" href=\"https:\/\/www.uvcat.cz\/pf-band-circulum\/\" \/>\n<meta name=\"twitter:card\" content=\"summary_large_image\" \/>\n<meta name=\"twitter:title\" content=\"UV CAT \/ Mat\u011bj Ko\u010dka \u2013 Brand Design &amp; Visual Identities - P\u0159emysl Faukner Band \u2013 Circulum\" \/>\n<meta name=\"twitter:description\" content=\"[:cs]Album obsahuje v\u00fdb\u011br autorsk\u00fdch skladeb jazzov\u00e9ho veter\u00e1na P\u0159emysla Fauknera, komponovan\u00fdch pro pra\u017ecovou a\u00a0bezpra\u017ecovou baskytaru. Jako\u00a0hlavn\u00ed vizu\u00e1ln\u00ed element jsou zde\u00a0pou\u017eit\u00e9 atmosf\u00e9rick\u00e9 abstraktn\u00ed malby sp\u0159\u00e1telen\u00e9ho v\u00fdtvarn\u00edka.[:en]An album of compositions by P\u0159emysl Faukner, a\u00a0Czech jazz doyen. The\u00a0main visual elements are ambient abstract paintings by Faukner&#039;s close\u00a0friend.[:]\" \/>\n<meta name=\"twitter:image\" content=\"https:\/\/www.uvcat.cz\/wp-content\/uploads\/2019\/06\/PFB_Circulum_6.jpg\" \/>\n<meta name=\"twitter:label1\" content=\"Written by\" \/>\n\t<meta name=\"twitter:data1\" content=\"admin\" \/>\n<script type=\"application\/ld+json\" class=\"yoast-schema-graph\">{\"@context\":\"https:\/\/schema.org\",\"@graph\":[{\"@type\":\"Article\",\"@id\":\"https:\/\/www.uvcat.cz\/pf-band-circulum\/#article\",\"isPartOf\":{\"@id\":\"https:\/\/www.uvcat.cz\/pf-band-circulum\/\"},\"author\":{\"name\":\"admin\",\"@id\":\"https:\/\/www.uvcat.cz\/#\/schema\/person\/bdb83c48c8485e843ba52a6c9371afd6\"},\"headline\":\"P\u0159emysl Faukner Band \u2013 Circulum\",\"datePublished\":\"2018-12-21T20:01:19+00:00\",\"dateModified\":\"2019-09-27T07:26:17+00:00\",\"mainEntityOfPage\":{\"@id\":\"https:\/\/www.uvcat.cz\/pf-band-circulum\/\"},\"wordCount\":74,\"publisher\":{\"@id\":\"https:\/\/www.uvcat.cz\/#organization\"},\"image\":{\"@id\":\"https:\/\/www.uvcat.cz\/pf-band-circulum\/#primaryimage\"},\"thumbnailUrl\":\"https:\/\/www.uvcat.cz\/wp-content\/uploads\/2019\/06\/PFB_Circulum_6.jpg\",\"articleSection\":[\"Music cover\"],\"inLanguage\":\"en-US\"},{\"@type\":\"WebPage\",\"@id\":\"https:\/\/www.uvcat.cz\/pf-band-circulum\/\",\"url\":\"https:\/\/www.uvcat.cz\/pf-band-circulum\/\",\"name\":\"UV CAT \/ Mat\u011bj Ko\u010dka \u2013 Brand Design &amp; Visual Identities - P\u0159emysl Faukner Band \u2013 Circulum\",\"isPartOf\":{\"@id\":\"https:\/\/www.uvcat.cz\/#website\"},\"primaryImageOfPage\":{\"@id\":\"https:\/\/www.uvcat.cz\/pf-band-circulum\/#primaryimage\"},\"image\":{\"@id\":\"https:\/\/www.uvcat.cz\/pf-band-circulum\/#primaryimage\"},\"thumbnailUrl\":\"https:\/\/www.uvcat.cz\/wp-content\/uploads\/2019\/06\/PFB_Circulum_6.jpg\",\"datePublished\":\"2018-12-21T20:01:19+00:00\",\"dateModified\":\"2019-09-27T07:26:17+00:00\",\"breadcrumb\":{\"@id\":\"https:\/\/www.uvcat.cz\/pf-band-circulum\/#breadcrumb\"},\"inLanguage\":\"en-US\",\"potentialAction\":[{\"@type\":\"ReadAction\",\"target\":[\"https:\/\/www.uvcat.cz\/pf-band-circulum\/\"]}]},{\"@type\":\"ImageObject\",\"inLanguage\":\"en-US\",\"@id\":\"https:\/\/www.uvcat.cz\/pf-band-circulum\/#primaryimage\",\"url\":\"https:\/\/www.uvcat.cz\/wp-content\/uploads\/2019\/06\/PFB_Circulum_6.jpg\",\"contentUrl\":\"https:\/\/www.uvcat.cz\/wp-content\/uploads\/2019\/06\/PFB_Circulum_6.jpg\",\"width\":1280,\"height\":1440},{\"@type\":\"BreadcrumbList\",\"@id\":\"https:\/\/www.uvcat.cz\/pf-band-circulum\/#breadcrumb\",\"itemListElement\":[{\"@type\":\"ListItem\",\"position\":1,\"name\":\"Dom\u016f\",\"item\":\"https:\/\/www.uvcat.cz\/\"},{\"@type\":\"ListItem\",\"position\":2,\"name\":\"P\u0159emysl Faukner Band \u2013 Circulum\"}]},{\"@type\":\"WebSite\",\"@id\":\"https:\/\/www.uvcat.cz\/#website\",\"url\":\"https:\/\/www.uvcat.cz\/\",\"name\":\"UV CAT \/ Mat\u011bj Ko\u010dka \u2013 Brand Design &amp; Visual Identities\",\"description\":\"Graphic design, branding, UX\/UI, corporate identity, logotypes, branding, books, posters, and packaging.\",\"publisher\":{\"@id\":\"https:\/\/www.uvcat.cz\/#organization\"},\"potentialAction\":[{\"@type\":\"SearchAction\",\"target\":{\"@type\":\"EntryPoint\",\"urlTemplate\":\"https:\/\/www.uvcat.cz\/?s={search_term_string}\"},\"query-input\":{\"@type\":\"PropertyValueSpecification\",\"valueRequired\":true,\"valueName\":\"search_term_string\"}}],\"inLanguage\":\"en-US\"},{\"@type\":\"Organization\",\"@id\":\"https:\/\/www.uvcat.cz\/#organization\",\"name\":\"UV Cat Design\",\"url\":\"https:\/\/www.uvcat.cz\/\",\"logo\":{\"@type\":\"ImageObject\",\"inLanguage\":\"en-US\",\"@id\":\"https:\/\/www.uvcat.cz\/#\/schema\/logo\/image\/\",\"url\":\"https:\/\/www.uvcat.cz\/wp-content\/uploads\/2019\/09\/uv_cat_BARVA.png\",\"contentUrl\":\"https:\/\/www.uvcat.cz\/wp-content\/uploads\/2019\/09\/uv_cat_BARVA.png\",\"width\":300,\"height\":300,\"caption\":\"UV Cat Design\"},\"image\":{\"@id\":\"https:\/\/www.uvcat.cz\/#\/schema\/logo\/image\/\"},\"sameAs\":[\"https:\/\/www.facebook.com\/uvcatdesign\/\",\"https:\/\/www.instagram.com\/uvcatdesign\/\"]},{\"@type\":\"Person\",\"@id\":\"https:\/\/www.uvcat.cz\/#\/schema\/person\/bdb83c48c8485e843ba52a6c9371afd6\",\"name\":\"admin\"}]}<\/script>\n<!-- \/ Yoast SEO plugin. -->","yoast_head_json":{"title":"UV CAT \/ Mat\u011bj Ko\u010dka \u2013 Brand Design &amp; Visual Identities - P\u0159emysl Faukner Band \u2013 Circulum","robots":{"index":"index","follow":"follow","max-snippet":"max-snippet:-1","max-image-preview":"max-image-preview:large","max-video-preview":"max-video-preview:-1"},"canonical":"https:\/\/www.uvcat.cz\/pf-band-circulum\/","twitter_card":"summary_large_image","twitter_title":"UV CAT \/ Mat\u011bj Ko\u010dka \u2013 Brand Design &amp; Visual Identities - P\u0159emysl Faukner Band \u2013 Circulum","twitter_description":"[:cs]Album obsahuje v\u00fdb\u011br autorsk\u00fdch skladeb jazzov\u00e9ho veter\u00e1na P\u0159emysla Fauknera, komponovan\u00fdch pro pra\u017ecovou a\u00a0bezpra\u017ecovou baskytaru. Jako\u00a0hlavn\u00ed vizu\u00e1ln\u00ed element jsou zde\u00a0pou\u017eit\u00e9 atmosf\u00e9rick\u00e9 abstraktn\u00ed malby sp\u0159\u00e1telen\u00e9ho v\u00fdtvarn\u00edka.[:en]An album of compositions by P\u0159emysl Faukner, a\u00a0Czech jazz doyen. The\u00a0main visual elements are ambient abstract paintings by Faukner's close\u00a0friend.[:]","twitter_image":"https:\/\/www.uvcat.cz\/wp-content\/uploads\/2019\/06\/PFB_Circulum_6.jpg","twitter_misc":{"Written by":"admin"},"schema":{"@context":"https:\/\/schema.org","@graph":[{"@type":"Article","@id":"https:\/\/www.uvcat.cz\/pf-band-circulum\/#article","isPartOf":{"@id":"https:\/\/www.uvcat.cz\/pf-band-circulum\/"},"author":{"name":"admin","@id":"https:\/\/www.uvcat.cz\/#\/schema\/person\/bdb83c48c8485e843ba52a6c9371afd6"},"headline":"P\u0159emysl Faukner Band \u2013 Circulum","datePublished":"2018-12-21T20:01:19+00:00","dateModified":"2019-09-27T07:26:17+00:00","mainEntityOfPage":{"@id":"https:\/\/www.uvcat.cz\/pf-band-circulum\/"},"wordCount":74,"publisher":{"@id":"https:\/\/www.uvcat.cz\/#organization"},"image":{"@id":"https:\/\/www.uvcat.cz\/pf-band-circulum\/#primaryimage"},"thumbnailUrl":"https:\/\/www.uvcat.cz\/wp-content\/uploads\/2019\/06\/PFB_Circulum_6.jpg","articleSection":["Music cover"],"inLanguage":"en-US"},{"@type":"WebPage","@id":"https:\/\/www.uvcat.cz\/pf-band-circulum\/","url":"https:\/\/www.uvcat.cz\/pf-band-circulum\/","name":"UV CAT \/ Mat\u011bj Ko\u010dka \u2013 Brand Design &amp; Visual Identities - P\u0159emysl Faukner Band \u2013 Circulum","isPartOf":{"@id":"https:\/\/www.uvcat.cz\/#website"},"primaryImageOfPage":{"@id":"https:\/\/www.uvcat.cz\/pf-band-circulum\/#primaryimage"},"image":{"@id":"https:\/\/www.uvcat.cz\/pf-band-circulum\/#primaryimage"},"thumbnailUrl":"https:\/\/www.uvcat.cz\/wp-content\/uploads\/2019\/06\/PFB_Circulum_6.jpg","datePublished":"2018-12-21T20:01:19+00:00","dateModified":"2019-09-27T07:26:17+00:00","breadcrumb":{"@id":"https:\/\/www.uvcat.cz\/pf-band-circulum\/#breadcrumb"},"inLanguage":"en-US","potentialAction":[{"@type":"ReadAction","target":["https:\/\/www.uvcat.cz\/pf-band-circulum\/"]}]},{"@type":"ImageObject","inLanguage":"en-US","@id":"https:\/\/www.uvcat.cz\/pf-band-circulum\/#primaryimage","url":"https:\/\/www.uvcat.cz\/wp-content\/uploads\/2019\/06\/PFB_Circulum_6.jpg","contentUrl":"https:\/\/www.uvcat.cz\/wp-content\/uploads\/2019\/06\/PFB_Circulum_6.jpg","width":1280,"height":1440},{"@type":"BreadcrumbList","@id":"https:\/\/www.uvcat.cz\/pf-band-circulum\/#breadcrumb","itemListElement":[{"@type":"ListItem","position":1,"name":"Dom\u016f","item":"https:\/\/www.uvcat.cz\/"},{"@type":"ListItem","position":2,"name":"P\u0159emysl Faukner Band \u2013 Circulum"}]},{"@type":"WebSite","@id":"https:\/\/www.uvcat.cz\/#website","url":"https:\/\/www.uvcat.cz\/","name":"UV CAT \/ Mat\u011bj Ko\u010dka \u2013 Brand Design &amp; Visual Identities","description":"Graphic design, branding, UX\/UI, corporate identity, logotypes, branding, books, posters, and packaging.","publisher":{"@id":"https:\/\/www.uvcat.cz\/#organization"},"potentialAction":[{"@type":"SearchAction","target":{"@type":"EntryPoint","urlTemplate":"https:\/\/www.uvcat.cz\/?s={search_term_string}"},"query-input":{"@type":"PropertyValueSpecification","valueRequired":true,"valueName":"search_term_string"}}],"inLanguage":"en-US"},{"@type":"Organization","@id":"https:\/\/www.uvcat.cz\/#organization","name":"UV Cat Design","url":"https:\/\/www.uvcat.cz\/","logo":{"@type":"ImageObject","inLanguage":"en-US","@id":"https:\/\/www.uvcat.cz\/#\/schema\/logo\/image\/","url":"https:\/\/www.uvcat.cz\/wp-content\/uploads\/2019\/09\/uv_cat_BARVA.png","contentUrl":"https:\/\/www.uvcat.cz\/wp-content\/uploads\/2019\/09\/uv_cat_BARVA.png","width":300,"height":300,"caption":"UV Cat Design"},"image":{"@id":"https:\/\/www.uvcat.cz\/#\/schema\/logo\/image\/"},"sameAs":["https:\/\/www.facebook.com\/uvcatdesign\/","https:\/\/www.instagram.com\/uvcatdesign\/"]},{"@type":"Person","@id":"https:\/\/www.uvcat.cz\/#\/schema\/person\/bdb83c48c8485e843ba52a6c9371afd6","name":"admin"}]}},"_links":{"self":[{"href":"https:\/\/www.uvcat.cz\/en\/wp-json\/wp\/v2\/posts\/122","targetHints":{"allow":["GET"]}}],"collection":[{"href":"https:\/\/www.uvcat.cz\/en\/wp-json\/wp\/v2\/posts"}],"about":[{"href":"https:\/\/www.uvcat.cz\/en\/wp-json\/wp\/v2\/types\/post"}],"author":[{"embeddable":true,"href":"https:\/\/www.uvcat.cz\/en\/wp-json\/wp\/v2\/users\/1"}],"replies":[{"embeddable":true,"href":"https:\/\/www.uvcat.cz\/en\/wp-json\/wp\/v2\/comments?post=122"}],"version-history":[{"count":0,"href":"https:\/\/www.uvcat.cz\/en\/wp-json\/wp\/v2\/posts\/122\/revisions"}],"wp:featuredmedia":[{"embeddable":true,"href":"https:\/\/www.uvcat.cz\/en\/wp-json\/wp\/v2\/media\/612"}],"wp:attachment":[{"href":"https:\/\/www.uvcat.cz\/en\/wp-json\/wp\/v2\/media?parent=122"}],"wp:term":[{"taxonomy":"category","embeddable":true,"href":"https:\/\/www.uvcat.cz\/en\/wp-json\/wp\/v2\/categories?post=122"},{"taxonomy":"post_tag","embeddable":true,"href":"https:\/\/www.uvcat.cz\/en\/wp-json\/wp\/v2\/tags?post=122"}],"curies":[{"name":"wp","href":"https:\/\/api.w.org\/{rel}","templated":true}]}}